{"id":2317,"date":"2026-02-20T20:30:54","date_gmt":"2026-02-20T19:30:54","guid":{"rendered":"https:\/\/blnev.de\/?p=2317"},"modified":"2026-02-22T16:28:27","modified_gmt":"2026-02-22T15:28:27","slug":"gemeindevertretersitzung-vom-17-02-2026","status":"publish","type":"post","link":"https:\/\/blnev.de\/?p=2317","title":{"rendered":"Gemeindevertretersitzung vom 17.02.2026"},"content":{"rendered":"<p><\/a>B\u00fcrgermeister Rohrbach nennt BLN-Verhalten \u201eabgrundtief abartig&#8220;<\/p>\n<p><strong>Leider hat unser B\u00fcrgermeister in der Sitzung komplett die Fassung verloren und ehrenamtliche Gemeindevertreterinnen und \u2013vertreter, die sinnvolle \u00c4nderungsantr\u00e4ge zum Haushalt eingebracht und sich somit f\u00fcr die B\u00fcrgerinnen und B\u00fcrger eingesetzt haben, beleidigt. Ist dies eines B\u00fcrgermeisters w\u00fcrdig? Wir meinen nein.<\/p>\n<p>Auch dieses ungeb\u00fchrliche Verhalten des B\u00fcrgermeisters wird uns nicht davon abhalten, weiter eine engagierte und ehrliche Arbeit im Sinne ALLER B\u00fcrgerinnen und B\u00fcrger und f\u00fcr die Marktgemeinde Niederaula zu machen.<br \/>\nWir nehmen unseren Auftrag ernst. Daher:  am 15. M\u00e4rz BLN w\u00e4hlen<br \/>\n<\/strong><\/em><\/p>\n<p>Bild HZ-Bericht: <a href=\"https:\/\/blnev.de\/?attachment_id=2316\" rel=\"attachment wp-att-2316\"><img loading=\"lazy\" decoding=\"async\" src=\"https:\/\/blnev.de\/wp-content\/uploads\/2026\/02\/HZ-Bericht-zur-Gemeindevertretersitzung-vom-17.02.2026.png\" alt=\"\" width=\"535\" height=\"439\" class=\"alignnone size-full wp-image-2316\" srcset=\"https:\/\/blnev.de\/wp-content\/uploads\/2026\/02\/HZ-Bericht-zur-Gemeindevertretersitzung-vom-17.02.2026.png 535w, https:\/\/blnev.de\/wp-content\/uploads\/2026\/02\/HZ-Bericht-zur-Gemeindevertretersitzung-vom-17.02.2026-300x246.png 300w, https:\/\/blnev.de\/wp-content\/uploads\/2026\/02\/HZ-Bericht-zur-Gemeindevertretersitzung-vom-17.02.2026-366x300.png 366w\" sizes=\"auto, (max-width: 535px) 100vw, 535px\" \/><\/a><br \/>\n<a href=\"https:\/\/www.hersfelder-zeitung.de\/lokales\/niederaula-breitenbach\/niederaula-ort746893\/buergermeister-rohrbach-nennt-bln-verhalten-abgrundtief-abartig-94176521.html\">Hier geht es zum HZ-Bericht, bitte hier klicken<\/a><\/p>\n<p><strong>Unsere \u00c4nderungsantr\u00e4ge:<\/strong><a href=\"https:\/\/blnev.de\/?attachment_id=2276\" rel=\"attachment wp-att-2276\"><img loading=\"lazy\" decoding=\"async\" src=\"https:\/\/blnev.de\/wp-content\/uploads\/2026\/01\/T1-Ausruestung-Kinderspielplaetze-.png\" alt=\"\" width=\"627\" height=\"814\" class=\"alignnone size-full wp-image-2276\" srcset=\"https:\/\/blnev.de\/wp-content\/uploads\/2026\/01\/T1-Ausruestung-Kinderspielplaetze-.png 627w, https:\/\/blnev.de\/wp-content\/uploads\/2026\/01\/T1-Ausruestung-Kinderspielplaetze--231x300.png 231w\" sizes=\"auto, (max-width: 627px) 100vw, 627px\" \/><\/a><a href=\"https:\/\/blnev.de\/?attachment_id=2277\" rel=\"attachment wp-att-2277\"><img loading=\"lazy\" decoding=\"async\" src=\"https:\/\/blnev.de\/wp-content\/uploads\/2026\/01\/T2-Ausruestung-Kinderspielplaetze.png\" alt=\"\" width=\"633\" height=\"475\" class=\"alignnone size-full wp-image-2277\" srcset=\"https:\/\/blnev.de\/wp-content\/uploads\/2026\/01\/T2-Ausruestung-Kinderspielplaetze.png 633w, https:\/\/blnev.de\/wp-content\/uploads\/2026\/01\/T2-Ausruestung-Kinderspielplaetze-300x225.png 300w, https:\/\/blnev.de\/wp-content\/uploads\/2026\/01\/T2-Ausruestung-Kinderspielplaetze-400x300.png 400w\" sizes=\"auto, (max-width: 633px) 100vw, 633px\" \/><\/a><a href=\"https:\/\/blnev.de\/?attachment_id=2283\" rel=\"attachment wp-att-2283\"><img loading=\"lazy\" decoding=\"async\" src=\"https:\/\/blnev.de\/wp-content\/uploads\/2026\/01\/T1-Erneuerung-Friedhoefe.png\" alt=\"\" width=\"663\" height=\"943\" class=\"alignnone size-full wp-image-2283\" srcset=\"https:\/\/blnev.de\/wp-content\/uploads\/2026\/01\/T1-Erneuerung-Friedhoefe.png 663w, https:\/\/blnev.de\/wp-content\/uploads\/2026\/01\/T1-Erneuerung-Friedhoefe-211x300.png 211w\" sizes=\"auto, (max-width: 663px) 100vw, 663px\" \/><\/a><a href=\"https:\/\/blnev.de\/?attachment_id=2284\" rel=\"attachment wp-att-2284\"><img loading=\"lazy\" decoding=\"async\" src=\"https:\/\/blnev.de\/wp-content\/uploads\/2026\/01\/T2-Erneuerung-Friedhoefe.png\" alt=\"\" width=\"670\" height=\"278\" class=\"alignnone size-full wp-image-2284\" srcset=\"https:\/\/blnev.de\/wp-content\/uploads\/2026\/01\/T2-Erneuerung-Friedhoefe.png 670w, https:\/\/blnev.de\/wp-content\/uploads\/2026\/01\/T2-Erneuerung-Friedhoefe-300x124.png 300w, https:\/\/blnev.de\/wp-content\/uploads\/2026\/01\/T2-Erneuerung-Friedhoefe-500x207.png 500w\" sizes=\"auto, (max-width: 670px) 100vw, 670px\" \/><\/a><a href=\"https:\/\/blnev.de\/?attachment_id=2307\" rel=\"attachment wp-att-2307\"><img loading=\"lazy\" decoding=\"async\" src=\"https:\/\/blnev.de\/wp-content\/uploads\/2026\/02\/Aenderungsantrag-der-BLN-Rueckzahlung-der-Strassenausbaubeitraege-T1.png\" alt=\"\" width=\"676\" height=\"948\" class=\"alignnone size-full wp-image-2307\" srcset=\"https:\/\/blnev.de\/wp-content\/uploads\/2026\/02\/Aenderungsantrag-der-BLN-Rueckzahlung-der-Strassenausbaubeitraege-T1.png 676w, https:\/\/blnev.de\/wp-content\/uploads\/2026\/02\/Aenderungsantrag-der-BLN-Rueckzahlung-der-Strassenausbaubeitraege-T1-214x300.png 214w\" sizes=\"auto, (max-width: 676px) 100vw, 676px\" \/><\/a><a href=\"https:\/\/blnev.de\/?attachment_id=2308\" rel=\"attachment wp-att-2308\"><img loading=\"lazy\" decoding=\"async\" src=\"https:\/\/blnev.de\/wp-content\/uploads\/2026\/02\/Aenderungsantrag-der-BLN-Rueckzahlung-der-Strassenausbaubeitraege-T2.png\" alt=\"\" width=\"676\" height=\"693\" class=\"alignnone size-full wp-image-2308\" srcset=\"https:\/\/blnev.de\/wp-content\/uploads\/2026\/02\/Aenderungsantrag-der-BLN-Rueckzahlung-der-Strassenausbaubeitraege-T2.png 676w, https:\/\/blnev.de\/wp-content\/uploads\/2026\/02\/Aenderungsantrag-der-BLN-Rueckzahlung-der-Strassenausbaubeitraege-T2-293x300.png 293w\" sizes=\"auto, (max-width: 676px) 100vw, 676px\" \/><\/a><a href=\"https:\/\/blnev.de\/?attachment_id=2309\" rel=\"attachment wp-att-2309\"><img loading=\"lazy\" decoding=\"async\" src=\"https:\/\/blnev.de\/wp-content\/uploads\/2026\/02\/Aenderungsantrag-der-BLN-Ortsbeiraete-.png\" alt=\"\" width=\"632\" height=\"889\" class=\"alignnone size-full wp-image-2309\" srcset=\"https:\/\/blnev.de\/wp-content\/uploads\/2026\/02\/Aenderungsantrag-der-BLN-Ortsbeiraete-.png 632w, https:\/\/blnev.de\/wp-content\/uploads\/2026\/02\/Aenderungsantrag-der-BLN-Ortsbeiraete--213x300.png 213w\" sizes=\"auto, (max-width: 632px) 100vw, 632px\" \/><\/a><a href=\"https:\/\/blnev.de\/?attachment_id=2310\" rel=\"attachment wp-att-2310\"><img decoding=\"async\" src=\"https:\/\/blnev.de\/wp-content\/uploads\/2026\/02\/ <strong>Folgender \u00c4nderungsbeitrag wurde wegen einer bestehenden Verpflichtunserm\u00e4chtigung zur\u00fcck gezogen, somit k\u00f6nnte sofort gebaut werden!<\/strong><a <a href=\"https:\/\/blnev.de\/?attachment_id=2310\" rel=\"attachment wp-att-2310\"><img decoding=\"async\" src=\"https:\/\/blnev.de\/wp-\/><\/a>Dieser \u00c4nderungsantrag wurde wegen einer bestehenden Verpflichtunserm\u00e4chtigung zur\u00fcck gezogen, somit k\u00f6nnte sofort gebaut werden!<a href=\"https:\/\/blnev.de\/?attachment_id=2310\" rel=\"attachment wp-att-2310\"><img loading=\"lazy\" decoding=\"async\" src=\"https:\/\/blnev.de\/wp-content\/uploads\/2026\/02\/Aenderungsantrag-der-BLN-Neubau-Tiefenbrunnen-Hattenbach-T1.png\" alt=\"\" width=\"664\" height=\"887\" class=\"alignnone size-full wp-image-2310\" srcset=\"https:\/\/blnev.de\/wp-content\/uploads\/2026\/02\/Aenderungsantrag-der-BLN-Neubau-Tiefenbrunnen-Hattenbach-T1.png 664w, https:\/\/blnev.de\/wp-content\/uploads\/2026\/02\/Aenderungsantrag-der-BLN-Neubau-Tiefenbrunnen-Hattenbach-T1-225x300.png 225w\" sizes=\"auto, (max-width: 664px) 100vw, 664px\" \/><\/a><a href=\"https:\/\/blnev.de\/?attachment_id=2311\" rel=\"attachment wp-att-2311\"><img loading=\"lazy\" decoding=\"async\" src=\"https:\/\/blnev.de\/wp-content\/uploads\/2026\/02\/Aenderungsantrag-der-BLN-Neubau-Tiefenbrunnen-Hattenbach-T2.png\" alt=\"\" width=\"665\" height=\"187\" class=\"alignnone size-full wp-image-2311\" srcset=\"https:\/\/blnev.de\/wp-content\/uploads\/2026\/02\/Aenderungsantrag-der-BLN-Neubau-Tiefenbrunnen-Hattenbach-T2.png 665w, https:\/\/blnev.de\/wp-content\/uploads\/2026\/02\/Aenderungsantrag-der-BLN-Neubau-Tiefenbrunnen-Hattenbach-T2-300x84.png 300w, https:\/\/blnev.de\/wp-content\/uploads\/2026\/02\/Aenderungsantrag-der-BLN-Neubau-Tiefenbrunnen-Hattenbach-T2-500x141.png 500w\" sizes=\"auto, (max-width: 665px) 100vw, 665px\" \/><\/a><strong>Oben stehender \u00c4nderungsantrag wurde wegen einer bestehenden Verpflichtunserm\u00e4chtigung zur\u00fcckgezogen, somit k\u00f6nnte sofort gebaut werden!<\/strong><a href=\"https:\/\/blnev.de\/?attachment_id=2314\" rel=\"attachment wp-att-2314\"><img loading=\"lazy\" decoding=\"async\" src=\"https:\/\/blnev.de\/wp-content\/uploads\/2026\/02\/Aenderungsantrag-der-BLN-Ausbau-des-Radwegenetztes-T1.png\" alt=\"\" width=\"670\" height=\"944\" class=\"alignnone size-full wp-image-2314\" srcset=\"https:\/\/blnev.de\/wp-content\/uploads\/2026\/02\/Aenderungsantrag-der-BLN-Ausbau-des-Radwegenetztes-T1.png 670w, https:\/\/blnev.de\/wp-content\/uploads\/2026\/02\/Aenderungsantrag-der-BLN-Ausbau-des-Radwegenetztes-T1-213x300.png 213w\" sizes=\"auto, (max-width: 670px) 100vw, 670px\" \/><\/a><a href=\"https:\/\/blnev.de\/?attachment_id=2315\" rel=\"attachment wp-att-2315\"><img loading=\"lazy\" decoding=\"async\" src=\"https:\/\/blnev.de\/wp-content\/uploads\/2026\/02\/Aenderungsantrag-der-BLN-Ausbau-des-Radwegenetztes-T2.png\" alt=\"\" width=\"661\" height=\"385\" class=\"alignnone size-full wp-image-2315\" srcset=\"https:\/\/blnev.de\/wp-content\/uploads\/2026\/02\/Aenderungsantrag-der-BLN-Ausbau-des-Radwegenetztes-T2.png 661w, https:\/\/blnev.de\/wp-content\/uploads\/2026\/02\/Aenderungsantrag-der-BLN-Ausbau-des-Radwegenetztes-T2-300x175.png 300w, https:\/\/blnev.de\/wp-content\/uploads\/2026\/02\/Aenderungsantrag-der-BLN-Ausbau-des-Radwegenetztes-T2-500x291.png 500w\" sizes=\"auto, (max-width: 661px) 100vw, 661px\" \/><\/a><br \/>\n<strong>BLN-Redebeitr\u00e4ge zum Haushalt von Herrn Gerhard Eckstein und Herrn Holger Gr\u00f6tzner<\/strong><a<a href=\"https:\/\/blnev.de\/?attachment_id=2366\" rel=\"attachment wp-att-2366\"><img loading=\"lazy\" decoding=\"async\" src=\"https:\/\/blnev.de\/wp-content\/uploads\/2026\/02\/BLN-Rede-zum-Haushalt-G.-Eckstein-T1a.png\" alt=\"\" width=\"747\" height=\"930\" class=\"alignnone size-full wp-image-2366\" srcset=\"https:\/\/blnev.de\/wp-content\/uploads\/2026\/02\/BLN-Rede-zum-Haushalt-G.-Eckstein-T1a.png 747w, https:\/\/blnev.de\/wp-content\/uploads\/2026\/02\/BLN-Rede-zum-Haushalt-G.-Eckstein-T1a-241x300.png 241w\" sizes=\"auto, (max-width: 747px) 100vw, 747px\" \/><\/a><a href=\"https:\/\/blnev.de\/?attachment_id=2361\" rel=\"attachment wp-att-2361\"><img loading=\"lazy\" decoding=\"async\" src=\"https:\/\/blnev.de\/wp-content\/uploads\/2026\/02\/BLN-Rede-zum-Haushalt-G.-Eckstein-T2.png\" alt=\"\" width=\"758\" height=\"1000\" class=\"alignnone size-full wp-image-2361\" srcset=\"https:\/\/blnev.de\/wp-content\/uploads\/2026\/02\/BLN-Rede-zum-Haushalt-G.-Eckstein-T2.png 758w, https:\/\/blnev.de\/wp-content\/uploads\/2026\/02\/BLN-Rede-zum-Haushalt-G.-Eckstein-T2-227x300.png 227w\" sizes=\"auto, (max-width: 758px) 100vw, 758px\" \/><\/a><a href=\"https:\/\/blnev.de\/?attachment_id=2362\" rel=\"attachment wp-att-2362\"><img loading=\"lazy\" decoding=\"async\" src=\"https:\/\/blnev.de\/wp-content\/uploads\/2026\/02\/BLN-Rede-zum-Haushalt-G.-Eckstein-T3.png\" alt=\"\" width=\"774\" height=\"1003\" class=\"alignnone size-full wp-image-2362\" srcset=\"https:\/\/blnev.de\/wp-content\/uploads\/2026\/02\/BLN-Rede-zum-Haushalt-G.-Eckstein-T3.png 774w, https:\/\/blnev.de\/wp-content\/uploads\/2026\/02\/BLN-Rede-zum-Haushalt-G.-Eckstein-T3-232x300.png 232w, https:\/\/blnev.de\/wp-content\/uploads\/2026\/02\/BLN-Rede-zum-Haushalt-G.-Eckstein-T3-768x995.png 768w\" sizes=\"auto, (max-width: 774px) 100vw, 774px\" \/><\/a><a href=\"https:\/\/blnev.de\/?attachment_id=2363\" rel=\"attachment wp-att-2363\"><img loading=\"lazy\" decoding=\"async\" src=\"https:\/\/blnev.de\/wp-content\/uploads\/2026\/02\/BLN-Rede-zum-Haushalt-G.-Eckstein-T4.png\" alt=\"\" width=\"765\" height=\"250\" class=\"alignnone size-full wp-image-2363\" srcset=\"https:\/\/blnev.de\/wp-content\/uploads\/2026\/02\/BLN-Rede-zum-Haushalt-G.-Eckstein-T4.png 765w, https:\/\/blnev.de\/wp-content\/uploads\/2026\/02\/BLN-Rede-zum-Haushalt-G.-Eckstein-T4-300x98.png 300w, https:\/\/blnev.de\/wp-content\/uploads\/2026\/02\/BLN-Rede-zum-Haushalt-G.-Eckstein-T4-500x163.png 500w\" sizes=\"auto, (max-width: 765px) 100vw, 765px\" \/><\/a><a href=\"https:\/\/blnev.de\/?attachment_id=2364\" rel=\"attachment wp-att-2364\"><img loading=\"lazy\" decoding=\"async\" src=\"https:\/\/blnev.de\/wp-content\/uploads\/2026\/02\/BLN-Rede-zum-Haushalt-H.-Groetzner.png\" alt=\"\" width=\"787\" height=\"911\" class=\"alignnone size-full wp-image-2364\" srcset=\"https:\/\/blnev.de\/wp-content\/uploads\/2026\/02\/BLN-Rede-zum-Haushalt-H.-Groetzner.png 787w, https:\/\/blnev.de\/wp-content\/uploads\/2026\/02\/BLN-Rede-zum-Haushalt-H.-Groetzner-259x300.png 259w, https:\/\/blnev.de\/wp-content\/uploads\/2026\/02\/BLN-Rede-zum-Haushalt-H.-Groetzner-768x889.png 768w\" sizes=\"auto, (max-width: 787px) 100vw, 787px\" \/><\/a><\/p>\n<p><strong>BLN eingebrachte Resolution<\/strong><a href=\"https:\/\/blnev.de\/?attachment_id=2303\" rel=\"attachment wp-att-2303\"><img loading=\"lazy\" decoding=\"async\" src=\"https:\/\/blnev.de\/wp-content\/uploads\/2026\/02\/Resolution-T1.png\" alt=\"\" width=\"629\" height=\"865\" class=\"alignnone size-full wp-image-2303\" srcset=\"https:\/\/blnev.de\/wp-content\/uploads\/2026\/02\/Resolution-T1.png 629w, https:\/\/blnev.de\/wp-content\/uploads\/2026\/02\/Resolution-T1-218x300.png 218w\" sizes=\"auto, (max-width: 629px) 100vw, 629px\" \/><\/a><a href=\"https:\/\/blnev.de\/?attachment_id=2304\" rel=\"attachment wp-att-2304\"><img loading=\"lazy\" decoding=\"async\" src=\"https:\/\/blnev.de\/wp-content\/uploads\/2026\/02\/Resolution-T2.png\" alt=\"\" width=\"623\" height=\"755\" class=\"alignnone size-full wp-image-2304\" srcset=\"https:\/\/blnev.de\/wp-content\/uploads\/2026\/02\/Resolution-T2.png 623w, https:\/\/blnev.de\/wp-content\/uploads\/2026\/02\/Resolution-T2-248x300.png 248w\" sizes=\"auto, (max-width: 623px) 100vw, 623px\" \/><\/a><\/p>\n","protected":false},"excerpt":{"rendered":"<p>B\u00fcrgermeister Rohrbach nennt BLN-Verhalten \u201eabgrundtief abartig&#8220; Leider hat unser B\u00fcrgermeister in der Sitzung komplett die Fassung verloren und ehrenamtliche Gemeindevertreterinnen und \u2013vertreter, die sinnvolle \u00c4nderungsantr\u00e4ge zum Haushalt eingebracht und sich somit f\u00fcr die B\u00fcrgerinnen und B\u00fcrger eingesetzt haben, beleidigt. Ist &hellip; <a href=\"https:\/\/blnev.de\/?p=2317\">Weiterlesen <span class=\"meta-nav\">&rarr;<\/span><\/a><\/p>\n","protected":false},"author":5,"featured_media":0,"comment_status":"closed","ping_status":"open","sticky":false,"template":"","format":"standard","meta":{"footnotes":""},"categories":[11],"tags":[],"class_list":["post-2317","post","type-post","status-publish","format-standard","hentry","category-info"],"_links":{"self":[{"href":"https:\/\/blnev.de\/index.php?rest_route=\/wp\/v2\/posts\/2317","targetHints":{"allow":["GET"]}}],"collection":[{"href":"https:\/\/blnev.de\/index.php?rest_route=\/wp\/v2\/posts"}],"about":[{"href":"https:\/\/blnev.de\/index.php?rest_route=\/wp\/v2\/types\/post"}],"author":[{"embeddable":true,"href":"https:\/\/blnev.de\/index.php?rest_route=\/wp\/v2\/users\/5"}],"replies":[{"embeddable":true,"href":"https:\/\/blnev.de\/index.php?rest_route=%2Fwp%2Fv2%2Fcomments&post=2317"}],"version-history":[{"count":43,"href":"https:\/\/blnev.de\/index.php?rest_route=\/wp\/v2\/posts\/2317\/revisions"}],"predecessor-version":[{"id":2367,"href":"https:\/\/blnev.de\/index.php?rest_route=\/wp\/v2\/posts\/2317\/revisions\/2367"}],"wp:attachment":[{"href":"https:\/\/blnev.de\/index.php?rest_route=%2Fwp%2Fv2%2Fmedia&parent=2317"}],"wp:term":[{"taxonomy":"category","embeddable":true,"href":"https:\/\/blnev.de\/index.php?rest_route=%2Fwp%2Fv2%2Fcategories&post=2317"},{"taxonomy":"post_tag","embeddable":true,"href":"https:\/\/blnev.de\/index.php?rest_route=%2Fwp%2Fv2%2Ftags&post=2317"}],"curies":[{"name":"wp","href":"https:\/\/api.w.org\/{rel}","templated":true}]}}