{"id":2372,"date":"2026-03-01T20:22:00","date_gmt":"2026-03-01T19:22:00","guid":{"rendered":"https:\/\/blnev.de\/?p=2372"},"modified":"2026-03-01T21:10:14","modified_gmt":"2026-03-01T20:10:14","slug":"bln-flyer-maerz-2026","status":"publish","type":"post","link":"https:\/\/blnev.de\/?p=2372","title":{"rendered":"BLN-Flyer M\u00e4rz 2026"},"content":{"rendered":"<p><strong>BLN-Flyer M\u00e4rz 2026, mit  einem tabellarischen Faktencheck der einzelnen zur Kommunalwahl antretenden Gruppierungen am 15.03.2026.<br \/>\nWir finden, es ist deutlich erkennbar, WER sich in den letzten f\u00fcnf Jahren mit Antr\u00e4gen und Anfragen f\u00fcr Sie, unsere B\u00fcrgerinnen und B\u00fcrger engagiert hat. Machen Sie sich gerne selbst ein Bild.<\/strong><br \/>\n<a href=\"https:\/\/blnev.de\/?attachment_id=2370\" rel=\"attachment wp-att-2370\"><img loading=\"lazy\" decoding=\"async\" src=\"https:\/\/blnev.de\/wp-content\/uploads\/2026\/03\/BLN-aktueller-Flyer.png\" alt=\"\" width=\"681\" height=\"952\" class=\"alignnone size-full wp-image-2370\" srcset=\"https:\/\/blnev.de\/wp-content\/uploads\/2026\/03\/BLN-aktueller-Flyer.png 681w, https:\/\/blnev.de\/wp-content\/uploads\/2026\/03\/BLN-aktueller-Flyer-215x300.png 215w\" sizes=\"auto, (max-width: 681px) 100vw, 681px\" \/><\/a><a href=\"https:\/\/blnev.de\/?attachment_id=2371\" rel=\"attachment wp-att-2371\"><img loading=\"lazy\" decoding=\"async\" src=\"https:\/\/blnev.de\/wp-content\/uploads\/2026\/03\/BLN-aktueller-Flyer-T2.png\" alt=\"\" width=\"674\" height=\"921\" class=\"alignnone size-full wp-image-2371\" srcset=\"https:\/\/blnev.de\/wp-content\/uploads\/2026\/03\/BLN-aktueller-Flyer-T2.png 674w, https:\/\/blnev.de\/wp-content\/uploads\/2026\/03\/BLN-aktueller-Flyer-T2-220x300.png 220w\" sizes=\"auto, (max-width: 674px) 100vw, 674px\" \/><\/a><\/p>\n","protected":false},"excerpt":{"rendered":"<p>BLN-Flyer M\u00e4rz 2026, mit einem tabellarischen Faktencheck der einzelnen zur Kommunalwahl antretenden Gruppierungen am 15.03.2026. Wir finden, es ist deutlich erkennbar, WER sich in den letzten f\u00fcnf Jahren mit Antr\u00e4gen und Anfragen f\u00fcr Sie, unsere B\u00fcrgerinnen und B\u00fcrger engagiert hat. &hellip; <a href=\"https:\/\/blnev.de\/?p=2372\">Weiterlesen <span class=\"meta-nav\">&rarr;<\/span><\/a><\/p>\n","protected":false},"author":5,"featured_media":0,"comment_status":"closed","ping_status":"open","sticky":false,"template":"","format":"standard","meta":{"footnotes":""},"categories":[11],"tags":[],"class_list":["post-2372","post","type-post","status-publish","format-standard","hentry","category-info"],"_links":{"self":[{"href":"https:\/\/blnev.de\/index.php?rest_route=\/wp\/v2\/posts\/2372","targetHints":{"allow":["GET"]}}],"collection":[{"href":"https:\/\/blnev.de\/index.php?rest_route=\/wp\/v2\/posts"}],"about":[{"href":"https:\/\/blnev.de\/index.php?rest_route=\/wp\/v2\/types\/post"}],"author":[{"embeddable":true,"href":"https:\/\/blnev.de\/index.php?rest_route=\/wp\/v2\/users\/5"}],"replies":[{"embeddable":true,"href":"https:\/\/blnev.de\/index.php?rest_route=%2Fwp%2Fv2%2Fcomments&post=2372"}],"version-history":[{"count":6,"href":"https:\/\/blnev.de\/index.php?rest_route=\/wp\/v2\/posts\/2372\/revisions"}],"predecessor-version":[{"id":2377,"href":"https:\/\/blnev.de\/index.php?rest_route=\/wp\/v2\/posts\/2372\/revisions\/2377"}],"wp:attachment":[{"href":"https:\/\/blnev.de\/index.php?rest_route=%2Fwp%2Fv2%2Fmedia&parent=2372"}],"wp:term":[{"taxonomy":"category","embeddable":true,"href":"https:\/\/blnev.de\/index.php?rest_route=%2Fwp%2Fv2%2Fcategories&post=2372"},{"taxonomy":"post_tag","embeddable":true,"href":"https:\/\/blnev.de\/index.php?rest_route=%2Fwp%2Fv2%2Ftags&post=2372"}],"curies":[{"name":"wp","href":"https:\/\/api.w.org\/{rel}","templated":true}]}}